{"id":421,"date":"2018-12-30T17:24:59","date_gmt":"2018-12-30T16:24:59","guid":{"rendered":"http:\/\/blog.hamburgerliteraturreisen.de\/?p=421"},"modified":"2018-12-30T20:52:39","modified_gmt":"2018-12-30T19:52:39","slug":"jahresrueckblick-2018","status":"publish","type":"post","link":"http:\/\/blog.hamburgerliteraturreisen.de\/?p=421","title":{"rendered":"Jahresr\u00fcckblick 2018"},"content":{"rendered":"\n<p>2018 war f\u00fcr uns ein aufregendes Jahr. Es war nat\u00fcrlich auch anstrengend, so dass wir uns in den Tagen zwischen Weihnachten und Neujahr erst einmal erholen mussten. Aber sch\u00f6n war es doch. <\/p>\n\n\n\n<p>Im Mittelpunkt stand: \u201eDas Ilona-Projekt\u201c, Lutz\u2018 erster Roman, erschienen im September. <\/p>\n\n\n\n<div class=\"wp-block-image\"><figure class=\"aligncenter\"><img loading=\"lazy\" width=\"373\" height=\"594\" src=\"http:\/\/blog.hamburgerliteraturreisen.de\/wp-content\/uploads\/2018\/12\/1-Cover_DasIlonaProjekt_CMYK.jpg\" alt=\"\" class=\"wp-image-422\" srcset=\"http:\/\/blog.hamburgerliteraturreisen.de\/wp-content\/uploads\/2018\/12\/1-Cover_DasIlonaProjekt_CMYK.jpg 373w, http:\/\/blog.hamburgerliteraturreisen.de\/wp-content\/uploads\/2018\/12\/1-Cover_DasIlonaProjekt_CMYK-188x300.jpg 188w\" sizes=\"(max-width: 373px) 100vw, 373px\" \/><\/figure><\/div>\n\n\n\n<p>Am 25. Januar starteten wir im Kulturhaus Eppendorf die neue Reihe \u201eText + Theke\u201c. \u201eVera Rosenbusch und Lutz Fl\u00f6rke machen Lust aufs Erz\u00e4hlen\u201c lautete der Titel \u2013 und darum geht es uns ja bei allem, was wir tun. Wir stellten eigene und fremde Texte vor, erz\u00e4hlten vom Erz\u00e4hlen, unternahmen gemeinsam mit dem Publikum ein Schreibexperiment und begr\u00fc\u00dften als Gast die Schriftstellerin Birgit Rabisch. <\/p>\n\n\n\n<div class=\"wp-block-image\"><figure class=\"aligncenter\"><img loading=\"lazy\" width=\"560\" height=\"724\" src=\"http:\/\/blog.hamburgerliteraturreisen.de\/wp-content\/uploads\/2018\/12\/2-IMG_1307.jpg\" alt=\"\" class=\"wp-image-423\" srcset=\"http:\/\/blog.hamburgerliteraturreisen.de\/wp-content\/uploads\/2018\/12\/2-IMG_1307.jpg 560w, http:\/\/blog.hamburgerliteraturreisen.de\/wp-content\/uploads\/2018\/12\/2-IMG_1307-232x300.jpg 232w\" sizes=\"(max-width: 560px) 100vw, 560px\" \/><\/figure><\/div>\n\n\n\n<p>Im M\u00e4rz folgte das erste Ilona-Erlebnis:<\/p>\n\n\n\n<p>Gerade rollten wir unsere Koffer in die Halle des Leipziger Hauptbahnhofs, da rief pl\u00f6tzlich eine M\u00e4nnerstimme: <\/p>\n\n\n\n<p>\u2013 Herr Fl\u00f6rke! Herr Fl\u00f6rke.<\/p>\n\n\n\n<p>Nanu? Wer wei\u00df\ndenn, wer hat denn, wer ist das denn?<\/p>\n\n\n\n<p>Ein dick\neingepackter Mann mit Bart und M\u00fctze. <\/p>\n\n\n\n<p>\u2013\nAnsgar K\u00f6b, stellt er sich vor. <\/p>\n\n\n\n<p>\u2013\nSie sehen so anders aus, sage ich. <\/p>\n\n\n\n<p>\u2013\nDas liegt an der M\u00fctze. <\/p>\n\n\n\n<p>Er zieht sie ab. Jetzt \u00e4hnelt er dem Foto auf der Website des Verlags \u201eduotincta\u201c. Den Mann neben ihm kennen wir nicht, aber, wie sich herausstellt, seinen wunderbaren Roman \u201eDie Insel\u201c. Es ist Wolfgang Eicher aus Wien.<\/p>\n\n\n\n<div class=\"wp-block-image\"><figure class=\"aligncenter\"><img loading=\"lazy\" width=\"756\" height=\"567\" src=\"http:\/\/blog.hamburgerliteraturreisen.de\/wp-content\/uploads\/2018\/12\/3-Buchmesse1_96.jpg\" alt=\"\" class=\"wp-image-424\" srcset=\"http:\/\/blog.hamburgerliteraturreisen.de\/wp-content\/uploads\/2018\/12\/3-Buchmesse1_96.jpg 756w, http:\/\/blog.hamburgerliteraturreisen.de\/wp-content\/uploads\/2018\/12\/3-Buchmesse1_96-300x225.jpg 300w\" sizes=\"(max-width: 756px) 100vw, 756px\" \/><\/figure><\/div>\n\n\n\n<p>Im Unterschied zu fr\u00fcheren Besuchen auf der Leipziger Buchmesse hatten wir diesmal einen Anlaufpunkt, den Stand von Lutz\u2018 Verlag, der im Prospekt f\u00fcr 2018 \u201eDas Ilona-Projekt\u201c ank\u00fcndigte. <\/p>\n\n\n\n<figure class=\"wp-block-image\"><img loading=\"lazy\" width=\"756\" height=\"567\" src=\"http:\/\/blog.hamburgerliteraturreisen.de\/wp-content\/uploads\/2018\/12\/4-Buchmesse3_96.jpg\" alt=\"\" class=\"wp-image-425\" srcset=\"http:\/\/blog.hamburgerliteraturreisen.de\/wp-content\/uploads\/2018\/12\/4-Buchmesse3_96.jpg 756w, http:\/\/blog.hamburgerliteraturreisen.de\/wp-content\/uploads\/2018\/12\/4-Buchmesse3_96-300x225.jpg 300w\" sizes=\"(max-width: 756px) 100vw, 756px\" \/><\/figure>\n\n\n\n<p>Wir k\u00f6nnen\nEuch sagen, einen Verlag zu haben \u00e4ndert vieles. Nun geh\u00f6rten wir dazu und\nplauderten mit den Kollegen und Kolleginnen Birgit Rabisch, Bernd Martens,\nDaniel Breuer, Frank Rudkoffsky, Katrin Wildenberger und Wolfgang Eicher.<\/p>\n\n\n\n<p>\u00dcberhaupt kann\nman gar nicht genug hervorheben, wie sehr sich der engagierte Verlag duotincta\num seine Autoren k\u00fcmmert. Mehr als \u00fcblich. Wie man auf seiner Website lesen\nkann: \u201eWir sind Verlag, Plattform und Gemeinschaft zugleich.\u201c <a href=\"https:\/\/duotincta.de\/verlag\/\">https:\/\/duotincta.de\/verlag\/<\/a><\/p>\n\n\n\n<p>Abends besuchten\nwir eine Gruppenlesung im Gew\u00f6lbekeller des Beyerhauses. Im September w\u00fcrden\nauch wir hier auftreten. Ist doch gut, wenn man schon mal da gewesen ist. <\/p>\n\n\n\n<p>Bis zur Auslieferung\nvon \u201eDas Ilona-Projekt\u201c verging noch ein halbes Jahr. Im Juni arbeiteten wir\nauf Samos an den n\u00e4chsten Romanen, zur\u00fcck im Hamburger Hitzesommer entdeckten\nwir den Ohlsdorfer Friedhof neu als Schreibort. Ruhe und Gr\u00fcn bieten einen\nentspannenden Hintergrund und machen die Sommerhitze immerhin ertr\u00e4glicher. Es\nist dort 3 Grad k\u00fchler als im Rest der Stadt. Warum sind wir darauf nicht schon\nvorher gekommen? <\/p>\n\n\n\n<figure class=\"wp-block-image\"><img loading=\"lazy\" width=\"756\" height=\"578\" src=\"http:\/\/blog.hamburgerliteraturreisen.de\/wp-content\/uploads\/2018\/12\/5-IMG_2315_96.jpg\" alt=\"\" class=\"wp-image-426\" srcset=\"http:\/\/blog.hamburgerliteraturreisen.de\/wp-content\/uploads\/2018\/12\/5-IMG_2315_96.jpg 756w, http:\/\/blog.hamburgerliteraturreisen.de\/wp-content\/uploads\/2018\/12\/5-IMG_2315_96-300x229.jpg 300w\" sizes=\"(max-width: 756px) 100vw, 756px\" \/><\/figure>\n\n\n\n<p>Zwischendurch\nmeldete sich Ansgar K\u00f6b mit den lektorierten Kapiteln von \u201eIlona\u201c, sp\u00e4ter mit\nden Druckfahnen, die Lutz gegenlas.\nAnschlie\u00dfend telefonierten sie, der eine im B\u00fcro, der andere auf dem Friedhof.\nAnsgar fand\u2019s skurril. <\/p>\n\n\n\n<p>Ab und zu rief\nEliza an, neu im Verlag zust\u00e4ndig f\u00fcr \u00d6ffentlichkeitsarbeit \u2013 so hatte Lutz\nschlie\u00dflich sein literarisches Arbeitszimmer komplett zwischen B\u00e4ume und Gr\u00e4ber\nverlegt.<\/p>\n\n\n\n<p>Am 22. Juli unterbrachen wir unser Schreiben, um in Ohlsdorf bei blendendem Wetter im Schatten einer wunderbaren Blutbuche Marcel Prousts \u201eAuf der Suche nach der verlorenen Zeit\u201c vorzustellen. Vielen Dank an Lutz Rehkopf vom Friedhof, der auf die Idee kam. \u2013 Anschlie\u00dfend ging\u2019s wieder ans Schreiben.<\/p>\n\n\n\n<figure class=\"wp-block-image\"><img loading=\"lazy\" width=\"756\" height=\"569\" src=\"http:\/\/blog.hamburgerliteraturreisen.de\/wp-content\/uploads\/2018\/12\/6-P1000500-Der-gl\u00fcckliche-Lutz_96dpi.jpg\" alt=\"\" class=\"wp-image-427\" srcset=\"http:\/\/blog.hamburgerliteraturreisen.de\/wp-content\/uploads\/2018\/12\/6-P1000500-Der-gl\u00fcckliche-Lutz_96dpi.jpg 756w, http:\/\/blog.hamburgerliteraturreisen.de\/wp-content\/uploads\/2018\/12\/6-P1000500-Der-gl\u00fcckliche-Lutz_96dpi-300x226.jpg 300w\" sizes=\"(max-width: 756px) 100vw, 756px\" \/><\/figure>\n\n\n\n<p>Am 7.\nSeptember feierten wir Buchpremiere im Kulturhaus Eppendorf mit 60 G\u00e4sten.\nDamit begann eine Reihe von sage und schreibe zw\u00f6lf Lesungen aus \u201eDas\nIlona-Projekt\u201c.<\/p>\n\n\n\n<p>Vera entwickelte eine Moderation, stellte Fragen und wir unterhielten uns zwischen den Kapiteln. Keine trockene Lesung, sondern ein lebendiges Programm aus Vortrag und Gespr\u00e4ch: <\/p>\n\n\n\n<figure class=\"wp-block-image\"><img loading=\"lazy\" width=\"756\" height=\"567\" src=\"http:\/\/blog.hamburgerliteraturreisen.de\/wp-content\/uploads\/2018\/12\/7-P1000709b_96.jpg\" alt=\"\" class=\"wp-image-428\" srcset=\"http:\/\/blog.hamburgerliteraturreisen.de\/wp-content\/uploads\/2018\/12\/7-P1000709b_96.jpg 756w, http:\/\/blog.hamburgerliteraturreisen.de\/wp-content\/uploads\/2018\/12\/7-P1000709b_96-300x225.jpg 300w\" sizes=\"(max-width: 756px) 100vw, 756px\" \/><\/figure>\n\n\n\n<figure class=\"wp-block-image\"><img loading=\"lazy\" width=\"756\" height=\"567\" src=\"http:\/\/blog.hamburgerliteraturreisen.de\/wp-content\/uploads\/2018\/12\/8-P1000770_96.jpg\" alt=\"\" class=\"wp-image-429\" srcset=\"http:\/\/blog.hamburgerliteraturreisen.de\/wp-content\/uploads\/2018\/12\/8-P1000770_96.jpg 756w, http:\/\/blog.hamburgerliteraturreisen.de\/wp-content\/uploads\/2018\/12\/8-P1000770_96-300x225.jpg 300w\" sizes=\"(max-width: 756px) 100vw, 756px\" \/><\/figure>\n\n\n\n<p>Dank an Birgit Rabisch, die einsprang und den Verlag duotincta vorstellte. Bis zum Jahresende folgten Auftritte bei den Blankeneser Literaturtagen, bei Kristin Schr\u00f6ter in der Alten B\u00fcdnerei in K\u00fchlungsborn (Die \u201eOstseezeitung\u201c brachte gleich zwei l\u00e4ngere Artikel), \u2026<\/p>\n\n\n\n<figure class=\"wp-block-image\"><img loading=\"lazy\" width=\"756\" height=\"567\" src=\"http:\/\/blog.hamburgerliteraturreisen.de\/wp-content\/uploads\/2018\/12\/9-P1010292c_96.jpg\" alt=\"\" class=\"wp-image-430\" srcset=\"http:\/\/blog.hamburgerliteraturreisen.de\/wp-content\/uploads\/2018\/12\/9-P1010292c_96.jpg 756w, http:\/\/blog.hamburgerliteraturreisen.de\/wp-content\/uploads\/2018\/12\/9-P1010292c_96-300x225.jpg 300w\" sizes=\"(max-width: 756px) 100vw, 756px\" \/><\/figure>\n\n\n\n<figure class=\"wp-block-image\"><img loading=\"lazy\" width=\"756\" height=\"567\" src=\"http:\/\/blog.hamburgerliteraturreisen.de\/wp-content\/uploads\/2018\/12\/10-P1010350_96.jpg\" alt=\"\" class=\"wp-image-431\" srcset=\"http:\/\/blog.hamburgerliteraturreisen.de\/wp-content\/uploads\/2018\/12\/10-P1010350_96.jpg 756w, http:\/\/blog.hamburgerliteraturreisen.de\/wp-content\/uploads\/2018\/12\/10-P1010350_96-300x225.jpg 300w\" sizes=\"(max-width: 756px) 100vw, 756px\" \/><\/figure>\n\n\n\n<p>\u2026 in der Fabrik der K\u00fcnste in Hamburg, noch einmal im Kulturhaus Eppendorf, in unserer geliebten Winterhuder B\u00fccherstube bei Jakob Riffeler, \u2026<\/p>\n\n\n\n<figure class=\"wp-block-image\"><img loading=\"lazy\" width=\"658\" height=\"417\" src=\"http:\/\/blog.hamburgerliteraturreisen.de\/wp-content\/uploads\/2018\/12\/11-Riff2_96.jpg\" alt=\"\" class=\"wp-image-432\" srcset=\"http:\/\/blog.hamburgerliteraturreisen.de\/wp-content\/uploads\/2018\/12\/11-Riff2_96.jpg 658w, http:\/\/blog.hamburgerliteraturreisen.de\/wp-content\/uploads\/2018\/12\/11-Riff2_96-300x190.jpg 300w\" sizes=\"(max-width: 658px) 100vw, 658px\" \/><\/figure>\n\n\n\n<p>\u2026 im Beyerhaus in Leipzig, \u2026<\/p>\n\n\n\n<figure class=\"wp-block-image\"><img loading=\"lazy\" width=\"1024\" height=\"768\" src=\"http:\/\/blog.hamburgerliteraturreisen.de\/wp-content\/uploads\/2018\/12\/12-P1010050_96-1024x768.jpg\" alt=\"\" class=\"wp-image-433\" srcset=\"http:\/\/blog.hamburgerliteraturreisen.de\/wp-content\/uploads\/2018\/12\/12-P1010050_96-1024x768.jpg 1024w, http:\/\/blog.hamburgerliteraturreisen.de\/wp-content\/uploads\/2018\/12\/12-P1010050_96-300x225.jpg 300w, http:\/\/blog.hamburgerliteraturreisen.de\/wp-content\/uploads\/2018\/12\/12-P1010050_96-768x576.jpg 768w\" sizes=\"(max-width: 1024px) 100vw, 1024px\" \/><\/figure>\n\n\n\n<figure class=\"wp-block-image\"><img loading=\"lazy\" width=\"756\" height=\"550\" src=\"http:\/\/blog.hamburgerliteraturreisen.de\/wp-content\/uploads\/2018\/12\/13-P1010096_96.jpg\" alt=\"\" class=\"wp-image-434\" srcset=\"http:\/\/blog.hamburgerliteraturreisen.de\/wp-content\/uploads\/2018\/12\/13-P1010096_96.jpg 756w, http:\/\/blog.hamburgerliteraturreisen.de\/wp-content\/uploads\/2018\/12\/13-P1010096_96-300x218.jpg 300w\" sizes=\"(max-width: 756px) 100vw, 756px\" \/><\/figure>\n\n\n\n<p>\u2026 auf dem Literatrubel des VS Hamburg und beim Literatur-Quickie in Winterhude:<\/p>\n\n\n\n<figure class=\"wp-block-image\"><img loading=\"lazy\" width=\"756\" height=\"558\" src=\"http:\/\/blog.hamburgerliteraturreisen.de\/wp-content\/uploads\/2018\/12\/14-P1010472_96.jpg\" alt=\"\" class=\"wp-image-435\" srcset=\"http:\/\/blog.hamburgerliteraturreisen.de\/wp-content\/uploads\/2018\/12\/14-P1010472_96.jpg 756w, http:\/\/blog.hamburgerliteraturreisen.de\/wp-content\/uploads\/2018\/12\/14-P1010472_96-300x221.jpg 300w\" sizes=\"(max-width: 756px) 100vw, 756px\" \/><\/figure>\n\n\n\n<p><br>Pers\u00f6nliche H\u00f6hepunkte waren f\u00fcr uns die Ausfl\u00fcge nach Berlin und Wien, vermittelt durch den Verlag duotincta. In Berlin waren wir die letzten K\u00fcnstler im \u201eClub der Republik\u201c, einem Ort mit viel DDR-Charme, der inzwischen abgerissen worden ist. <\/p>\n\n\n\n<figure class=\"wp-block-image\"><img loading=\"lazy\" width=\"756\" height=\"567\" src=\"http:\/\/blog.hamburgerliteraturreisen.de\/wp-content\/uploads\/2018\/12\/15-P1000803_96.jpg\" alt=\"\" class=\"wp-image-436\" srcset=\"http:\/\/blog.hamburgerliteraturreisen.de\/wp-content\/uploads\/2018\/12\/15-P1000803_96.jpg 756w, http:\/\/blog.hamburgerliteraturreisen.de\/wp-content\/uploads\/2018\/12\/15-P1000803_96-300x225.jpg 300w\" sizes=\"(max-width: 756px) 100vw, 756px\" \/><\/figure>\n\n\n\n<p>Schade. J\u00fcrgen Volk stellte uns seinem Publikum vor, das seit Jahren hier die \u201eVier Lesezeiten\u201c besucht hat. 2019 wird die Reihe an einem neuen Ort fortgesetzt werden. Gern w\u00e4ren wir wieder dabei.<\/p>\n\n\n\n<figure class=\"wp-block-image\"><img loading=\"lazy\" width=\"756\" height=\"590\" src=\"http:\/\/blog.hamburgerliteraturreisen.de\/wp-content\/uploads\/2018\/12\/16-P1000818_96.jpg\" alt=\"\" class=\"wp-image-437\" srcset=\"http:\/\/blog.hamburgerliteraturreisen.de\/wp-content\/uploads\/2018\/12\/16-P1000818_96.jpg 756w, http:\/\/blog.hamburgerliteraturreisen.de\/wp-content\/uploads\/2018\/12\/16-P1000818_96-300x234.jpg 300w\" sizes=\"(max-width: 756px) 100vw, 756px\" \/><\/figure>\n\n\n\n<p>Im Dezember erlebten wir als kr\u00f6nenden Abschluss die Buchmesse im Museumsquartier Wien. <\/p>\n\n\n\n<figure class=\"wp-block-image\"><img loading=\"lazy\" width=\"1024\" height=\"768\" src=\"http:\/\/blog.hamburgerliteraturreisen.de\/wp-content\/uploads\/2018\/12\/17-P1010556_96-1024x768.jpg\" alt=\"\" class=\"wp-image-438\" srcset=\"http:\/\/blog.hamburgerliteraturreisen.de\/wp-content\/uploads\/2018\/12\/17-P1010556_96-1024x768.jpg 1024w, http:\/\/blog.hamburgerliteraturreisen.de\/wp-content\/uploads\/2018\/12\/17-P1010556_96-300x225.jpg 300w, http:\/\/blog.hamburgerliteraturreisen.de\/wp-content\/uploads\/2018\/12\/17-P1010556_96-768x576.jpg 768w\" sizes=\"(max-width: 1024px) 100vw, 1024px\" \/><\/figure>\n\n\n\n<p>Wir trafen Nicole und Ansgar K\u00f6b von duotincta, \u2026<\/p>\n\n\n\n<figure class=\"wp-block-image\"><img loading=\"lazy\" width=\"756\" height=\"570\" src=\"http:\/\/blog.hamburgerliteraturreisen.de\/wp-content\/uploads\/2018\/12\/18-P1010711_96.jpg\" alt=\"\" class=\"wp-image-439\" srcset=\"http:\/\/blog.hamburgerliteraturreisen.de\/wp-content\/uploads\/2018\/12\/18-P1010711_96.jpg 756w, http:\/\/blog.hamburgerliteraturreisen.de\/wp-content\/uploads\/2018\/12\/18-P1010711_96-300x226.jpg 300w\" sizes=\"(max-width: 756px) 100vw, 756px\" \/><\/figure>\n\n\n\n<p>\u2026 Stefanie Schleemilch, die ihren eben erschienenen Roman \u201eMorgengrauen\u201c vorstellte, und den Wiener Wolfgang Eicher (\u201eFreiheitsstatue\u201c). <\/p>\n\n\n\n<figure class=\"wp-block-image\"><img loading=\"lazy\" width=\"756\" height=\"569\" src=\"http:\/\/blog.hamburgerliteraturreisen.de\/wp-content\/uploads\/2018\/12\/19-P1010604a96.jpg\" alt=\"\" class=\"wp-image-440\" srcset=\"http:\/\/blog.hamburgerliteraturreisen.de\/wp-content\/uploads\/2018\/12\/19-P1010604a96.jpg 756w, http:\/\/blog.hamburgerliteraturreisen.de\/wp-content\/uploads\/2018\/12\/19-P1010604a96-300x226.jpg 300w\" sizes=\"(max-width: 756px) 100vw, 756px\" \/><\/figure>\n\n\n\n<p>Die Lesungen fanden in einer sehr sch\u00f6nen Rotunde in dem Barockpalais statt, das als Ausstellungsort diente. Dort war eine B\u00fchne aufgebaut, au\u00dferdem 100 St\u00fchle, w\u00e4hrend ringsherum und in den benachbarten S\u00e4len sich das Publikum an den St\u00e4nden der Verlage dr\u00e4ngte. Zwar war es nicht ganz leise, aber mit Atmosph\u00e4re. Lutz war begeistert, hier auftreten zu k\u00f6nnen. Gerne wieder.<\/p>\n\n\n\n<figure class=\"wp-block-image\"><img loading=\"lazy\" width=\"567\" height=\"756\" src=\"http:\/\/blog.hamburgerliteraturreisen.de\/wp-content\/uploads\/2018\/12\/20-P1010672b_96.jpg\" alt=\"\" class=\"wp-image-441\" srcset=\"http:\/\/blog.hamburgerliteraturreisen.de\/wp-content\/uploads\/2018\/12\/20-P1010672b_96.jpg 567w, http:\/\/blog.hamburgerliteraturreisen.de\/wp-content\/uploads\/2018\/12\/20-P1010672b_96-225x300.jpg 225w\" sizes=\"(max-width: 567px) 100vw, 567px\" \/><\/figure>\n\n\n\n<p>Zus\u00e4tzlich zum\nAuftritt beim Buchquartier hatte Wolfgang f\u00fcr Stefanie, mich und sich eine gemeinsame\nLesung im Caf\u00e9 Weidinger organisiert, wo uns im Publikum ein erster\n\u00f6sterreichischer Fan erwartete: <\/p>\n\n\n\n<p><strong>Im Caf\u00e9 Weidinger<\/strong><\/p>\n\n\n\n<figure class=\"wp-block-image\"><img loading=\"lazy\" width=\"756\" height=\"545\" src=\"http:\/\/blog.hamburgerliteraturreisen.de\/wp-content\/uploads\/2018\/12\/21-P_96.jpg\" alt=\"\" class=\"wp-image-442\" srcset=\"http:\/\/blog.hamburgerliteraturreisen.de\/wp-content\/uploads\/2018\/12\/21-P_96.jpg 756w, http:\/\/blog.hamburgerliteraturreisen.de\/wp-content\/uploads\/2018\/12\/21-P_96-300x216.jpg 300w\" sizes=\"(max-width: 756px) 100vw, 756px\" \/><\/figure>\n\n\n\n<p>Im Caf\u00e9\nWeidinger in Wien k\u00fcmmert sich der Herr Weidinger pers\u00f6nlich um seine G\u00e4ste.\nSchon w\u00e4hrend der Mikrofonprobe f\u00fchrt er ein Paar zum Tisch vor der B\u00fchne. Die\nbeiden l\u00e4cheln mich freundlich an. Ich l\u00e4chle zur\u00fcck. Kennen wir uns? Sie\nnicken mir zu. Woher? Der Herr mit dem t\u00fcrkisen Schal ist Stammgast im Caf\u00e9.\nHerr Weidinger stellt mich ihm vor. Sehr erfreut. Und? Jawohl, er hat n\u00e4mlich\nvor kurzem nach dem \u201eFalter\u201c verlangt. Leider war die Wiener Stadtzeitung in\nGebrauch. Da griff Herr Weidinger in seine Vitrine und dr\u00fcckte dem Herrn meinen\nRoman \u201eDas Ilona-Projekt\u201c in die Hand. Der bestellt ein Kr\u00fcgerl Bier und liest,\ntrinkt, liest, liest sich fest, nimmt \u201eIlona\u201c mit nach Hause. Zwei Tage sp\u00e4ter\nhat er das Buch durchgelesen, ist begeistert. <\/p>\n\n\n\n<p>&#8211; Genauso\nwar\u2019s, sagt er und lockert seinen Schal, ich habe mich ausgezeichnet am\u00fcsiert.\nUnd jetzt erlebe ich den Autor auch noch live. <\/p>\n\n\n\n<p>Seine Frau\nreicht mir ein druckfrisches Exemplar von \u201eIlona\u201c und bittet mich zu signieren.\nIch schreibe: \u201eSolche Leser*Innen w\u00fcnscht man sich.\u201c&nbsp;&nbsp;&nbsp;&nbsp;&nbsp;&nbsp;&nbsp;&nbsp;&nbsp;&nbsp;&nbsp;&nbsp;&nbsp;&nbsp;&nbsp;&nbsp;&nbsp;&nbsp;&nbsp;&nbsp;&nbsp;&nbsp;&nbsp;&nbsp;&nbsp;&nbsp;&nbsp;&nbsp;&nbsp; <\/p>\n\n\n\n<p>\u00dcber die\nersten Rezensionen hat Lutz sich besonders gefreut: <\/p>\n\n\n\n<p>\u201e<strong>Sch\u00f6n schr\u00e4g &#8211; <\/strong>Lutz Fl\u00f6rke schreibt\nskurril, voll grotesker Komik und dabei spannend, mit originellen Wendungen und\nungew\u00f6hnlichen Details. Das Buch ist eine witzige und immer wieder\n\u00fcberraschende Lekt\u00fcre, am Ende sind viele Fragen offen. Und das ist gut so.\u201c<\/p>\n\n\n\n<p>(Ingeborg Salomon in der Rhein-Neckar-Zeitung, Heidelberg)<\/p>\n\n\n\n<figure class=\"wp-block-image\"><img loading=\"lazy\" width=\"1024\" height=\"768\" src=\"http:\/\/blog.hamburgerliteraturreisen.de\/wp-content\/uploads\/2018\/12\/P1010467-1024x768.jpg\" alt=\"\" class=\"wp-image-443\" srcset=\"http:\/\/blog.hamburgerliteraturreisen.de\/wp-content\/uploads\/2018\/12\/P1010467-1024x768.jpg 1024w, http:\/\/blog.hamburgerliteraturreisen.de\/wp-content\/uploads\/2018\/12\/P1010467-300x225.jpg 300w, http:\/\/blog.hamburgerliteraturreisen.de\/wp-content\/uploads\/2018\/12\/P1010467-768x576.jpg 768w\" sizes=\"(max-width: 1024px) 100vw, 1024px\" \/><\/figure>\n\n\n\n<p>\u201e <strong>Das Ilona-Projekt<\/strong><\/p>\n\n\n\n<p>Der Autor\njongliert souver\u00e4n mit den unterschiedlichen Textebenen, er serviert uns alles,\nvom Kalauer bis zum hochreflektierten Metatext. (\u2026) So wartet auf die\nLeserInnen ein zugleich anspruchsvoller und unterhaltsamer Roman, ernst und\nurkomisch, intelligent und banal \u2013 auf jeden Fall immer ein Lesevergn\u00fcgen.\nLekt\u00fcre dringend anzuraten!\u201c (Birgit Rabisch bei LovelyBooks)<\/p>\n\n\n\n<p class=\"has-text-color has-very-dark-gray-color\">\u201e <a href=\"https:\/\/www.amazon.de\/gp\/customer-reviews\/R1USOEQH9O5135\/ref=cm_cr_dp_d_rvw_ttl?ie=UTF8&amp;ASIN=3946086322\"><strong>\u201eEs gibt kein Leben au\u00dferhalb des Klischees.\u201c<\/strong><\/a><\/p>\n\n\n\n<p>(\u2026) um die\nLust am Erz\u00e4hlen geht es in Lutz Fl\u00f6rkes Reise-Roman \u201eDas Ilona-Projekt\u201c \u2013 und\nzwar in all seinen Auspr\u00e4gungen.<br>\nImmer wieder blinken gro\u00dfe literarische Autoren und deren Werke (von Proust,\nFrisch, Stein, Schwitters, etc.) neben Alltagsbeobachtungen auf Reisen auf\n(\u201eIch habe einen internationalen Krankenschein (\u2026) Nebenbei ist der Roman auch\neine gro\u00dfe Liebesgeschichte, denn: \u201eEs gibt kein Leben au\u00dferhalb des\nKlischees.\u201c<br>\nWer nicht nur lesen m\u00f6chte, um sich die Zeit zu vertreiben, dem wird anregender\nStoff geboten &#8211; zum Nachdenken, zum Diskutieren und letztlich zur Erkenntnis,\nwas man so alles mit Pfefferminzpastillen machen kann \u2026\u201c (Roman&amp;Co bei\nAmazon)<\/p>\n\n\n\n<p class=\"has-text-color has-very-dark-gray-color\"><a href=\"https:\/\/www.amazon.de\/gp\/customer-reviews\/R3MA57FXAD2EOH\/ref=cm_cr_dp_d_rvw_ttl?ie=UTF8&amp;ASIN=3946086322\"><strong>Hohe Literatur trifft Alltagskomik<\/strong><\/a><strong><\/strong><\/p>\n\n\n\n<p>\u201eWir sind ein\npaar Tage an der Ostsee und haben &#8222;Ilona&#8220; dabei. Mir macht das Buch\nviel Spa\u00df &#8211; vor allem die Verbindung zwischen &#8222;hoher Literatur&#8220; und\nAlltagsbeobachtungen. Ich habe noch nie eine so unterhaltsame Beschreibung\neines Gep\u00e4ckbandes gelesen. Lutz Fl\u00f6rke hat seinen ganz eigenen, neuen Stil\nentwickelt &#8211; manche Beobachtungen enden in lustigen Pointen, manche sind ernst\nund komplex. Und dabei ist das Buch sehr spannend. Man will unbedingt wissen,\nwie es nun weitergeht mit diesem &#8222;Ilona-Projekt&#8220;.\u201c (Anette Berger bei\nAmazon)<\/p>\n\n\n\n<p><strong>2018\nwar ein wirklich tolles Jahr. <\/strong><\/p>\n\n\n\n<p>Besonderen Dank an Ansgar K\u00f6b, J\u00fcrgen Volk und Eliza Encheva-Schorch von duotincta, an Birgit Rabisch (\u201ePutzfrau bei den Beatles\u201c), die uns unterst\u00fctzt und Mut gemacht hat, an Wolfgang Eicher (\u201eDie Insel\u201c) in Wien, an Rika Tjakea vom Kulturhaus Eppendorf f\u00fcr alles und an Doroth\u00e9e Puschmann von der Zinnschmelze in Barmbek, die so viele Jahre an uns geglaubt hat. <\/p>\n\n\n\n<p>Mehr: <a href=\"https:\/\/duotincta.de\/kulturgut\/das-ilona-projekt\/\">https:\/\/duotincta.de\/kulturgut\/das-ilona-projekt\/<\/a><\/p>\n\n\n\n<p>Und 2019? Da\nerwartet uns ein neues Projekt: \u201eSherlock Holmes und der Fall der F\u00e4lle\u201c. Wie\nimmer wird es dabei nicht allein um eine Detektivgeschichte gehen, denn, mal\nehrlich, wo w\u00e4re Holmes, wenn Dr. Watson nicht \u00fcber ihn geschrieben h\u00e4tte? Und\nwas w\u00e4re aus den beiden geworden ohne Mrs. Hudson? \u2013 Mit dabei ist der\nSchauspieler Tom Keidel in der Titelrolle. Premiere am 24. Februar, 18 Uhr im\nmonsun.theater. Wir freuen uns auf Sie und Euch!<\/p>\n","protected":false},"excerpt":{"rendered":"<p>2018 war f\u00fcr uns ein aufregendes Jahr. Es war nat\u00fcrlich auch anstrengend, so dass wir uns in den Tagen zwischen Weihnachten und Neujahr erst einmal erholen mussten. Aber sch\u00f6n war es doch. Im Mittelpunkt stand: \u201eDas Ilona-Projekt\u201c, Lutz\u2018 erster Roman, &hellip; <a href=\"http:\/\/blog.hamburgerliteraturreisen.de\/?p=421\">Weiterlesen <span class=\"meta-nav\">&rarr;<\/span><\/a><\/p>\n","protected":false},"author":1,"featured_media":0,"comment_status":"open","ping_status":"closed","sticky":false,"template":"","format":"standard","meta":[],"categories":[1],"tags":[9,8],"_links":{"self":[{"href":"http:\/\/blog.hamburgerliteraturreisen.de\/index.php?rest_route=\/wp\/v2\/posts\/421"}],"collection":[{"href":"http:\/\/blog.hamburgerliteraturreisen.de\/index.php?rest_route=\/wp\/v2\/posts"}],"about":[{"href":"http:\/\/blog.hamburgerliteraturreisen.de\/index.php?rest_route=\/wp\/v2\/types\/post"}],"author":[{"embeddable":true,"href":"http:\/\/blog.hamburgerliteraturreisen.de\/index.php?rest_route=\/wp\/v2\/users\/1"}],"replies":[{"embeddable":true,"href":"http:\/\/blog.hamburgerliteraturreisen.de\/index.php?rest_route=%2Fwp%2Fv2%2Fcomments&post=421"}],"version-history":[{"count":8,"href":"http:\/\/blog.hamburgerliteraturreisen.de\/index.php?rest_route=\/wp\/v2\/posts\/421\/revisions"}],"predecessor-version":[{"id":455,"href":"http:\/\/blog.hamburgerliteraturreisen.de\/index.php?rest_route=\/wp\/v2\/posts\/421\/revisions\/455"}],"wp:attachment":[{"href":"http:\/\/blog.hamburgerliteraturreisen.de\/index.php?rest_route=%2Fwp%2Fv2%2Fmedia&parent=421"}],"wp:term":[{"taxonomy":"category","embeddable":true,"href":"http:\/\/blog.hamburgerliteraturreisen.de\/index.php?rest_route=%2Fwp%2Fv2%2Fcategories&post=421"},{"taxonomy":"post_tag","embeddable":true,"href":"http:\/\/blog.hamburgerliteraturreisen.de\/index.php?rest_route=%2Fwp%2Fv2%2Ftags&post=421"}],"curies":[{"name":"wp","href":"https:\/\/api.w.org\/{rel}","templated":true}]}}