{"id":214,"date":"2017-04-11T14:17:01","date_gmt":"2017-04-11T12:17:01","guid":{"rendered":"http:\/\/blog.hamburgerliteraturreisen.de\/?p=214"},"modified":"2017-04-14T14:18:12","modified_gmt":"2017-04-14T12:18:12","slug":"lieber-mit-literatur-reden-als-darueber","status":"publish","type":"post","link":"http:\/\/blog.hamburgerliteraturreisen.de\/?p=214","title":{"rendered":"Lieber mit Literatur reden als dar\u00fcber"},"content":{"rendered":"<p><img loading=\"lazy\" class=\"wp-image-81 size-medium aligncenter\" src=\"http:\/\/blog.hamburgerliteraturreisen.de\/wp-content\/uploads\/2017\/03\/Poesielabor-Banner-2-300x111.png\" width=\"300\" height=\"111\" srcset=\"http:\/\/blog.hamburgerliteraturreisen.de\/wp-content\/uploads\/2017\/03\/Poesielabor-Banner-2-300x111.png 300w, http:\/\/blog.hamburgerliteraturreisen.de\/wp-content\/uploads\/2017\/03\/Poesielabor-Banner-2-768x284.png 768w, http:\/\/blog.hamburgerliteraturreisen.de\/wp-content\/uploads\/2017\/03\/Poesielabor-Banner-2-1024x379.png 1024w, http:\/\/blog.hamburgerliteraturreisen.de\/wp-content\/uploads\/2017\/03\/Poesielabor-Banner-2.png 1960w\" sizes=\"(max-width: 300px) 100vw, 300px\" \/><\/p>\n<p>Hannover, Gastst\u00e4tte \u201eEntenfang&#8220;. Im \u201eClubzimmer\u201c tagt der literarische Gespr\u00e4chskreis meiner Schwester. Ein Jungautor liest Kolleginnen und Kollegen aus seinem Romanprojekt vor: \u201eDie Reise ins Innere der Au\u00dfenwelt.\u201c Der Held Maldewin k\u00e4mpft gegen die brutale Gemeinschaftsideologie einer mittelalterlichen anmutenden Stadtgesellschaft, in der es allerdings bereits Elektrizit\u00e4t gibt. Die f\u00fcr die Stromerzeugung zust\u00e4ndigen Elfen planen einen Aufstand.<\/p>\n<p>Jeder rund um den Tisch, ich eingeschlossen, tritt dem Schriftsteller sofort mit der eigenen Meinung nahe. Technische Fragen werden aufgeworfen, eigene Rezeptionsbed\u00fcrfnisse formuliert (\u201eMir ist der Protagonist zu unsympathisch.\u201c). Es geht um Erz\u00e4hlperspektive, Vor- und Nachteile von R\u00fcckblenden, um den Inneren Monolog \u2013 ja, nein, was bringt\u2018s? Es zeigen sich Vorlieben, Ansichten, Ma\u00dfst\u00e4be und vor allem die Lust, Ratschl\u00e4ge zu erteilen.<\/p>\n<p>Da wird nach Grammatik-, Schreib- und Ausdrucksfehlern gesucht, nach Ungeschicklichkeiten, Wiederholungen, argumentativen L\u00fccken \u2013 als ob wir alle nichts Besseres zu tun h\u00e4tten, als Lehrer zu spielen oder den geschm\u00e4cklerisch verw\u00f6hnten B\u00fccher-Gourmet, was offenbar gut zusammenpasst. Und oft genug geht es allein um soziale Distinktion: Sage mir, was du gut findest und ich sage dir, wo du in der Gesellschaft stehst.<\/p>\n<p>Was soll der arme Autor mit diesem Wust an Einw\u00e4nden und Vorschl\u00e4gen anfangen? Ich denke, am besten nichts.<\/p>\n<p>Wenn ich schreibe, versuche ich, Abstand zu gewinnen von gewohnten Mustern. Die Selbst\u00fcberwachung im Kopf, auch ich bin literaturkritisch fehlsozialisiert, dr\u00e4nge ich zur\u00fcck. <em>Dabei<\/em> sollte mich das Publikum unterst\u00fctzen!<\/p>\n<p>Ich probiere etwas aus, und nicht immer ist das Ergebnis so, wie ich es mir vorgestellt habe. Es entstehen Texte, mit denen ich zufrieden bin oder nicht, die ich verbessere, umschreibe, neu schreibe, bis ich selbst \u00fcberrascht bin, wohin mich die literarische Arbeit gebracht hat.<\/p>\n<p>Dann sitzen da wieder Zuh\u00f6rer mit der alten Frage: Sollte ein Dichter nicht f\u00fcrs Publikum schreiben?<\/p>\n<p>Die \u00fcbliche Art und Weise \u00fcber Literatur, Dichter und das Schreiben zu reden, besteht darin <em>\u00fcber<\/em> sie zu reden, nicht <em>mit<\/em> ihnen. Ein gro\u00dfer Teil des Publikums h\u00e4lt K\u00fcnstler f\u00fcr Dienstleister. Und viele Autoren und Autorinnen schreiben ja um ihr Leben. Sie m\u00fcssen \u00fcber Marktsegmente, Zielgruppen, Trends nachdenken. Aber weil etwas notwendig ist, muss man es nicht auch noch gut finden.<\/p>\n<p>Liebe Leute, ihr m\u00fcsst euch nicht identifizieren, nicht mit der allgemeinen Meinung, nicht mit der Bildzeitung, den \u201eMedien\u201c oder dem Wetterbericht! Seit wann sind Dichter dazu da, dem Publikum nach dem Maul zu reden?<\/p>\n","protected":false},"excerpt":{"rendered":"<p>Hannover, Gastst\u00e4tte \u201eEntenfang&#8220;. Im \u201eClubzimmer\u201c tagt der literarische Gespr\u00e4chskreis meiner Schwester. Ein Jungautor liest Kolleginnen und Kollegen aus seinem Romanprojekt vor: \u201eDie Reise ins Innere der Au\u00dfenwelt.\u201c Der Held Maldewin k\u00e4mpft gegen die brutale Gemeinschaftsideologie einer mittelalterlichen anmutenden Stadtgesellschaft, in &hellip; <a href=\"http:\/\/blog.hamburgerliteraturreisen.de\/?p=214\">Weiterlesen <span class=\"meta-nav\">&rarr;<\/span><\/a><\/p>\n","protected":false},"author":1,"featured_media":0,"comment_status":"open","ping_status":"open","sticky":false,"template":"","format":"standard","meta":[],"categories":[1],"tags":[27,10,9],"_links":{"self":[{"href":"http:\/\/blog.hamburgerliteraturreisen.de\/index.php?rest_route=\/wp\/v2\/posts\/214"}],"collection":[{"href":"http:\/\/blog.hamburgerliteraturreisen.de\/index.php?rest_route=\/wp\/v2\/posts"}],"about":[{"href":"http:\/\/blog.hamburgerliteraturreisen.de\/index.php?rest_route=\/wp\/v2\/types\/post"}],"author":[{"embeddable":true,"href":"http:\/\/blog.hamburgerliteraturreisen.de\/index.php?rest_route=\/wp\/v2\/users\/1"}],"replies":[{"embeddable":true,"href":"http:\/\/blog.hamburgerliteraturreisen.de\/index.php?rest_route=%2Fwp%2Fv2%2Fcomments&post=214"}],"version-history":[{"count":2,"href":"http:\/\/blog.hamburgerliteraturreisen.de\/index.php?rest_route=\/wp\/v2\/posts\/214\/revisions"}],"predecessor-version":[{"id":216,"href":"http:\/\/blog.hamburgerliteraturreisen.de\/index.php?rest_route=\/wp\/v2\/posts\/214\/revisions\/216"}],"wp:attachment":[{"href":"http:\/\/blog.hamburgerliteraturreisen.de\/index.php?rest_route=%2Fwp%2Fv2%2Fmedia&parent=214"}],"wp:term":[{"taxonomy":"category","embeddable":true,"href":"http:\/\/blog.hamburgerliteraturreisen.de\/index.php?rest_route=%2Fwp%2Fv2%2Fcategories&post=214"},{"taxonomy":"post_tag","embeddable":true,"href":"http:\/\/blog.hamburgerliteraturreisen.de\/index.php?rest_route=%2Fwp%2Fv2%2Ftags&post=214"}],"curies":[{"name":"wp","href":"https:\/\/api.w.org\/{rel}","templated":true}]}}